{"id":16485,"date":"2025-06-05T08:45:28","date_gmt":"2025-06-05T06:45:28","guid":{"rendered":"https:\/\/biologon.at\/?p=16485"},"modified":"2025-06-05T08:49:36","modified_gmt":"2025-06-05T06:49:36","slug":"weltumwelttag-unsere-erde-braucht-dich","status":"publish","type":"post","link":"https:\/\/biologon.at\/en\/weltumwelttag-unsere-erde-braucht-dich\/","title":{"rendered":"Weltumwelttag \u2013 Unsere Erde braucht dich!"},"content":{"rendered":"<p>Am 5. Juni ist es wieder so weit: Der Weltumwelttag ruft uns alle dazu auf, unsere Aufmerksamkeit auf den Zustand unseres Planeten zu richten \u2013 und aktiv zu werden. Seit 1972 organisiert das Umweltprogramm der Vereinten Nationen (UNEP) diesen besonderen Tag, um weltweit das Bewusstsein f\u00fcr Umweltthemen zu st\u00e4rken und konkrete Ma\u00dfnahmen anzusto\u00dfen.<\/p>\n<p><strong>\u00a0Warum gibt es den Weltumwelttag?<\/strong><\/p>\n<p>Unsere Erde steht unter Druck. Klimawandel, Artensterben, Umweltverschmutzung und Ressourcenknappheit sind keine fernen Probleme mehr \u2013 sie betreffen uns alle, hier und jetzt. Der Weltumwelttag soll zeigen, dass wir die Kraft haben, etwas zu ver\u00e4ndern \u2013 als Einzelpersonen, Unternehmen, Gemeinden oder Regierungen.<\/p>\n<p><strong>Thema 2025: \u201eUnsere Erde. Unsere Zukunft.\u201c<\/strong><\/p>\n<p>Jedes Jahr steht der Weltumwelttag unter einem bestimmten Motto. 2025 liegt der Fokus auf dem Erhalt der biologischen Vielfalt \u2013 also dem Schutz von Tieren, Pflanzen und \u00d6kosystemen. Denn wenn das Gleichgewicht der Natur kippt, sind langfristig auch unsere Lebensgrundlagen in Gefahr.<\/p>\n<p><strong>Was kann ICH tun?<\/strong><\/p>\n<p>Es braucht nicht immer gro\u00dfe Aktionen, um etwas zu bewegen. Hier einige Ideen, wie du deinen Beitrag leisten kannst:<\/p>\n<ul>\n<li>Plastik vermeiden: Wiederverwendbare Taschen, Flaschen und Beh\u00e4lter benutzen.<\/li>\n<li>Regional &amp; saisonal einkaufen: Das spart CO\u2082 und unterst\u00fctzt lokale Betriebe.<\/li>\n<li>Mobilit\u00e4t \u00fcberdenken: Statt Auto \u00f6fter mal Fahrrad, \u00d6ffis oder Carsharing nutzen.<\/li>\n<li>Natur sch\u00fctzen: Beim Wandern keinen M\u00fcll hinterlassen, Wildtiere respektieren.<\/li>\n<li>Wissen teilen: Informiere andere \u00fcber Umwelt- und Klimathemen \u2013 z.\u202fB. mit einem Social-Media-Post oder einem Gespr\u00e4ch.<\/li>\n<\/ul>\n<p><strong>\u00a0Weltumwelttag ist mehr als ein Datum<\/strong><\/p>\n<p>Der Weltumwelttag ist kein einmaliges Event \u2013 er ist ein Ansto\u00df f\u00fcr langfristiges Umdenken. Jede noch so kleine Entscheidung im Alltag kann in der Summe Gro\u00dfes bewirken. Wenn Millionen Menschen gemeinsam handeln, entstehen echte Ver\u00e4nderungen.<\/p>\n<p>Also: Lass uns diesen Tag nutzen, um nicht nur nachzudenken, sondern auch zu handeln. F\u00fcr eine lebenswerte Zukunft auf einem gesunden Planeten.<\/p>\n<p>&nbsp;<\/p>\n<p><strong>Wenn du wissen m\u00f6chtest, was wir f\u00fcr die Umwelt tun, <a href=\"https:\/\/biolifestyle.at\/nachhaltigkeit\/\">klicke hier<\/a>, um unseren Nachhaltigkeitsbericht anzusehen.<\/strong><\/p>\n","protected":false},"excerpt":{"rendered":"<p>Am 5. Juni ist es wieder so weit: Der Weltumwelttag ruft uns alle dazu auf, unsere Aufmerksamkeit auf den Zustand unseres Planeten zu richten \u2013 und aktiv zu werden. Seit 1972 organisiert das Umweltprogramm der Vereinten Nationen (UNEP) diesen besonderen Tag, um weltweit das Bewusstsein f\u00fcr Umweltthemen zu st\u00e4rken und konkrete Ma\u00dfnahmen anzusto\u00dfen. \u00a0Warum gibt [&hellip;]<\/p>\n","protected":false},"author":6,"featured_media":16486,"comment_status":"open","ping_status":"closed","sticky":false,"template":"","format":"standard","meta":{"_monsterinsights_skip_tracking":false,"_monsterinsights_sitenote_active":false,"_monsterinsights_sitenote_note":"","_monsterinsights_sitenote_category":0,"footnotes":""},"categories":[61],"tags":[],"class_list":["post-16485","post","type-post","status-publish","format-standard","has-post-thumbnail","hentry","category-biologon"],"yoast_head":"<!-- This site is optimized with the Yoast SEO plugin v27.5 - https:\/\/yoast.com\/product\/yoast-seo-wordpress\/ -->\n<title>Weltumwelttag \u2013 Unsere Erde braucht dich! - Biologon<\/title>\n<meta name=\"robots\" content=\"index, follow, max-snippet:-1, max-image-preview:large, max-video-preview:-1\" \/>\n<link rel=\"canonical\" href=\"https:\/\/biologon.at\/weltumwelttag-unsere-erde-braucht-dich\/\" \/>\n<meta property=\"og:locale\" content=\"en_US\" \/>\n<meta property=\"og:type\" content=\"article\" \/>\n<meta property=\"og:title\" content=\"Weltumwelttag \u2013 Unsere Erde braucht dich!\" \/>\n<meta property=\"og:description\" content=\"05.06.2025. Weltumwelttag! Warum uns unsere Erde jetzt mehr als je zuvor braucht!\" \/>\n<meta property=\"og:url\" content=\"https:\/\/biologon.at\/weltumwelttag-unsere-erde-braucht-dich\/\" \/>\n<meta property=\"og:site_name\" content=\"Biologon\" \/>\n<meta property=\"article:published_time\" content=\"2025-06-05T06:45:28+00:00\" \/>\n<meta property=\"article:modified_time\" content=\"2025-06-05T06:49:36+00:00\" \/>\n<meta property=\"og:image\" content=\"https:\/\/biologon.at\/wp-content\/uploads\/2025\/06\/noah-buscher-x8ZStukS2PM-unsplash1-scaled.jpg\" \/>\n\t<meta property=\"og:image:width\" content=\"2560\" \/>\n\t<meta property=\"og:image:height\" content=\"1466\" \/>\n\t<meta property=\"og:image:type\" content=\"image\/jpeg\" \/>\n<meta name=\"author\" content=\"Elena Moser\" \/>\n<meta name=\"twitter:card\" content=\"summary_large_image\" \/>\n<meta name=\"twitter:label1\" content=\"Written by\" \/>\n\t<meta name=\"twitter:data1\" content=\"Elena Moser\" \/>\n\t<meta name=\"twitter:label2\" content=\"Est. reading time\" \/>\n\t<meta name=\"twitter:data2\" content=\"2 minutes\" \/>\n<script type=\"application\/ld+json\" class=\"yoast-schema-graph\">{\"@context\":\"https:\\\/\\\/schema.org\",\"@graph\":[{\"@type\":\"Article\",\"@id\":\"https:\\\/\\\/biologon.at\\\/weltumwelttag-unsere-erde-braucht-dich\\\/#article\",\"isPartOf\":{\"@id\":\"https:\\\/\\\/biologon.at\\\/weltumwelttag-unsere-erde-braucht-dich\\\/\"},\"author\":{\"name\":\"Elena Moser\",\"@id\":\"https:\\\/\\\/biologon.at\\\/#\\\/schema\\\/person\\\/71520e3a4a5180907c611f8434ed6232\"},\"headline\":\"Weltumwelttag \u2013 Unsere Erde braucht dich!\",\"datePublished\":\"2025-06-05T06:45:28+00:00\",\"dateModified\":\"2025-06-05T06:49:36+00:00\",\"mainEntityOfPage\":{\"@id\":\"https:\\\/\\\/biologon.at\\\/weltumwelttag-unsere-erde-braucht-dich\\\/\"},\"wordCount\":320,\"commentCount\":0,\"image\":{\"@id\":\"https:\\\/\\\/biologon.at\\\/weltumwelttag-unsere-erde-braucht-dich\\\/#primaryimage\"},\"thumbnailUrl\":\"https:\\\/\\\/biologon.at\\\/wp-content\\\/uploads\\\/2025\\\/06\\\/noah-buscher-x8ZStukS2PM-unsplash1-scaled.jpg\",\"articleSection\":[\"Biologon\"],\"inLanguage\":\"en-US\",\"potentialAction\":[{\"@type\":\"CommentAction\",\"name\":\"Comment\",\"target\":[\"https:\\\/\\\/biologon.at\\\/weltumwelttag-unsere-erde-braucht-dich\\\/#respond\"]}]},{\"@type\":\"WebPage\",\"@id\":\"https:\\\/\\\/biologon.at\\\/weltumwelttag-unsere-erde-braucht-dich\\\/\",\"url\":\"https:\\\/\\\/biologon.at\\\/weltumwelttag-unsere-erde-braucht-dich\\\/\",\"name\":\"Weltumwelttag \u2013 Unsere Erde braucht dich! - Biologon\",\"isPartOf\":{\"@id\":\"https:\\\/\\\/biologon.at\\\/#website\"},\"primaryImageOfPage\":{\"@id\":\"https:\\\/\\\/biologon.at\\\/weltumwelttag-unsere-erde-braucht-dich\\\/#primaryimage\"},\"image\":{\"@id\":\"https:\\\/\\\/biologon.at\\\/weltumwelttag-unsere-erde-braucht-dich\\\/#primaryimage\"},\"thumbnailUrl\":\"https:\\\/\\\/biologon.at\\\/wp-content\\\/uploads\\\/2025\\\/06\\\/noah-buscher-x8ZStukS2PM-unsplash1-scaled.jpg\",\"datePublished\":\"2025-06-05T06:45:28+00:00\",\"dateModified\":\"2025-06-05T06:49:36+00:00\",\"author\":{\"@id\":\"https:\\\/\\\/biologon.at\\\/#\\\/schema\\\/person\\\/71520e3a4a5180907c611f8434ed6232\"},\"breadcrumb\":{\"@id\":\"https:\\\/\\\/biologon.at\\\/weltumwelttag-unsere-erde-braucht-dich\\\/#breadcrumb\"},\"inLanguage\":\"en-US\",\"potentialAction\":[{\"@type\":\"ReadAction\",\"target\":[\"https:\\\/\\\/biologon.at\\\/weltumwelttag-unsere-erde-braucht-dich\\\/\"]}]},{\"@type\":\"ImageObject\",\"inLanguage\":\"en-US\",\"@id\":\"https:\\\/\\\/biologon.at\\\/weltumwelttag-unsere-erde-braucht-dich\\\/#primaryimage\",\"url\":\"https:\\\/\\\/biologon.at\\\/wp-content\\\/uploads\\\/2025\\\/06\\\/noah-buscher-x8ZStukS2PM-unsplash1-scaled.jpg\",\"contentUrl\":\"https:\\\/\\\/biologon.at\\\/wp-content\\\/uploads\\\/2025\\\/06\\\/noah-buscher-x8ZStukS2PM-unsplash1-scaled.jpg\",\"width\":2560,\"height\":1466},{\"@type\":\"BreadcrumbList\",\"@id\":\"https:\\\/\\\/biologon.at\\\/weltumwelttag-unsere-erde-braucht-dich\\\/#breadcrumb\",\"itemListElement\":[{\"@type\":\"ListItem\",\"position\":1,\"name\":\"Startseite\",\"item\":\"https:\\\/\\\/biologon.at\\\/\"},{\"@type\":\"ListItem\",\"position\":2,\"name\":\"Weltumwelttag \u2013 Unsere Erde braucht dich!\"}]},{\"@type\":\"WebSite\",\"@id\":\"https:\\\/\\\/biologon.at\\\/#website\",\"url\":\"https:\\\/\\\/biologon.at\\\/\",\"name\":\"Biologon\",\"description\":\"Biologische Proudkte\",\"potentialAction\":[{\"@type\":\"SearchAction\",\"target\":{\"@type\":\"EntryPoint\",\"urlTemplate\":\"https:\\\/\\\/biologon.at\\\/?s={search_term_string}\"},\"query-input\":{\"@type\":\"PropertyValueSpecification\",\"valueRequired\":true,\"valueName\":\"search_term_string\"}}],\"inLanguage\":\"en-US\"},{\"@type\":\"Person\",\"@id\":\"https:\\\/\\\/biologon.at\\\/#\\\/schema\\\/person\\\/71520e3a4a5180907c611f8434ed6232\",\"name\":\"Elena Moser\",\"image\":{\"@type\":\"ImageObject\",\"inLanguage\":\"en-US\",\"@id\":\"https:\\\/\\\/secure.gravatar.com\\\/avatar\\\/2aa70894dc2eb6a9de49d6ae5294f6308f11af94a8f6cc0e74f407cd434e8c2a?s=96&d=mm&r=g\",\"url\":\"https:\\\/\\\/secure.gravatar.com\\\/avatar\\\/2aa70894dc2eb6a9de49d6ae5294f6308f11af94a8f6cc0e74f407cd434e8c2a?s=96&d=mm&r=g\",\"contentUrl\":\"https:\\\/\\\/secure.gravatar.com\\\/avatar\\\/2aa70894dc2eb6a9de49d6ae5294f6308f11af94a8f6cc0e74f407cd434e8c2a?s=96&d=mm&r=g\",\"caption\":\"Elena Moser\"},\"url\":\"https:\\\/\\\/biologon.at\\\/en\\\/author\\\/biologon_elly\\\/\"}]}<\/script>\n<!-- \/ Yoast SEO plugin. -->","yoast_head_json":{"title":"Weltumwelttag \u2013 Unsere Erde braucht dich! - Biologon","robots":{"index":"index","follow":"follow","max-snippet":"max-snippet:-1","max-image-preview":"max-image-preview:large","max-video-preview":"max-video-preview:-1"},"canonical":"https:\/\/biologon.at\/weltumwelttag-unsere-erde-braucht-dich\/","og_locale":"en_US","og_type":"article","og_title":"Weltumwelttag \u2013 Unsere Erde braucht dich!","og_description":"05.06.2025. Weltumwelttag! Warum uns unsere Erde jetzt mehr als je zuvor braucht!","og_url":"https:\/\/biologon.at\/weltumwelttag-unsere-erde-braucht-dich\/","og_site_name":"Biologon","article_published_time":"2025-06-05T06:45:28+00:00","article_modified_time":"2025-06-05T06:49:36+00:00","og_image":[{"width":2560,"height":1466,"url":"https:\/\/biologon.at\/wp-content\/uploads\/2025\/06\/noah-buscher-x8ZStukS2PM-unsplash1-scaled.jpg","type":"image\/jpeg"}],"author":"Elena Moser","twitter_card":"summary_large_image","twitter_misc":{"Written by":"Elena Moser","Est. reading time":"2 minutes"},"schema":{"@context":"https:\/\/schema.org","@graph":[{"@type":"Article","@id":"https:\/\/biologon.at\/weltumwelttag-unsere-erde-braucht-dich\/#article","isPartOf":{"@id":"https:\/\/biologon.at\/weltumwelttag-unsere-erde-braucht-dich\/"},"author":{"name":"Elena Moser","@id":"https:\/\/biologon.at\/#\/schema\/person\/71520e3a4a5180907c611f8434ed6232"},"headline":"Weltumwelttag \u2013 Unsere Erde braucht dich!","datePublished":"2025-06-05T06:45:28+00:00","dateModified":"2025-06-05T06:49:36+00:00","mainEntityOfPage":{"@id":"https:\/\/biologon.at\/weltumwelttag-unsere-erde-braucht-dich\/"},"wordCount":320,"commentCount":0,"image":{"@id":"https:\/\/biologon.at\/weltumwelttag-unsere-erde-braucht-dich\/#primaryimage"},"thumbnailUrl":"https:\/\/biologon.at\/wp-content\/uploads\/2025\/06\/noah-buscher-x8ZStukS2PM-unsplash1-scaled.jpg","articleSection":["Biologon"],"inLanguage":"en-US","potentialAction":[{"@type":"CommentAction","name":"Comment","target":["https:\/\/biologon.at\/weltumwelttag-unsere-erde-braucht-dich\/#respond"]}]},{"@type":"WebPage","@id":"https:\/\/biologon.at\/weltumwelttag-unsere-erde-braucht-dich\/","url":"https:\/\/biologon.at\/weltumwelttag-unsere-erde-braucht-dich\/","name":"Weltumwelttag \u2013 Unsere Erde braucht dich! - Biologon","isPartOf":{"@id":"https:\/\/biologon.at\/#website"},"primaryImageOfPage":{"@id":"https:\/\/biologon.at\/weltumwelttag-unsere-erde-braucht-dich\/#primaryimage"},"image":{"@id":"https:\/\/biologon.at\/weltumwelttag-unsere-erde-braucht-dich\/#primaryimage"},"thumbnailUrl":"https:\/\/biologon.at\/wp-content\/uploads\/2025\/06\/noah-buscher-x8ZStukS2PM-unsplash1-scaled.jpg","datePublished":"2025-06-05T06:45:28+00:00","dateModified":"2025-06-05T06:49:36+00:00","author":{"@id":"https:\/\/biologon.at\/#\/schema\/person\/71520e3a4a5180907c611f8434ed6232"},"breadcrumb":{"@id":"https:\/\/biologon.at\/weltumwelttag-unsere-erde-braucht-dich\/#breadcrumb"},"inLanguage":"en-US","potentialAction":[{"@type":"ReadAction","target":["https:\/\/biologon.at\/weltumwelttag-unsere-erde-braucht-dich\/"]}]},{"@type":"ImageObject","inLanguage":"en-US","@id":"https:\/\/biologon.at\/weltumwelttag-unsere-erde-braucht-dich\/#primaryimage","url":"https:\/\/biologon.at\/wp-content\/uploads\/2025\/06\/noah-buscher-x8ZStukS2PM-unsplash1-scaled.jpg","contentUrl":"https:\/\/biologon.at\/wp-content\/uploads\/2025\/06\/noah-buscher-x8ZStukS2PM-unsplash1-scaled.jpg","width":2560,"height":1466},{"@type":"BreadcrumbList","@id":"https:\/\/biologon.at\/weltumwelttag-unsere-erde-braucht-dich\/#breadcrumb","itemListElement":[{"@type":"ListItem","position":1,"name":"Startseite","item":"https:\/\/biologon.at\/"},{"@type":"ListItem","position":2,"name":"Weltumwelttag \u2013 Unsere Erde braucht dich!"}]},{"@type":"WebSite","@id":"https:\/\/biologon.at\/#website","url":"https:\/\/biologon.at\/","name":"Biologon","description":"Biologische Proudkte","potentialAction":[{"@type":"SearchAction","target":{"@type":"EntryPoint","urlTemplate":"https:\/\/biologon.at\/?s={search_term_string}"},"query-input":{"@type":"PropertyValueSpecification","valueRequired":true,"valueName":"search_term_string"}}],"inLanguage":"en-US"},{"@type":"Person","@id":"https:\/\/biologon.at\/#\/schema\/person\/71520e3a4a5180907c611f8434ed6232","name":"Elena Moser","image":{"@type":"ImageObject","inLanguage":"en-US","@id":"https:\/\/secure.gravatar.com\/avatar\/2aa70894dc2eb6a9de49d6ae5294f6308f11af94a8f6cc0e74f407cd434e8c2a?s=96&d=mm&r=g","url":"https:\/\/secure.gravatar.com\/avatar\/2aa70894dc2eb6a9de49d6ae5294f6308f11af94a8f6cc0e74f407cd434e8c2a?s=96&d=mm&r=g","contentUrl":"https:\/\/secure.gravatar.com\/avatar\/2aa70894dc2eb6a9de49d6ae5294f6308f11af94a8f6cc0e74f407cd434e8c2a?s=96&d=mm&r=g","caption":"Elena Moser"},"url":"https:\/\/biologon.at\/en\/author\/biologon_elly\/"}]}},"_links":{"self":[{"href":"https:\/\/biologon.at\/en\/wp-json\/wp\/v2\/posts\/16485","targetHints":{"allow":["GET"]}}],"collection":[{"href":"https:\/\/biologon.at\/en\/wp-json\/wp\/v2\/posts"}],"about":[{"href":"https:\/\/biologon.at\/en\/wp-json\/wp\/v2\/types\/post"}],"author":[{"embeddable":true,"href":"https:\/\/biologon.at\/en\/wp-json\/wp\/v2\/users\/6"}],"replies":[{"embeddable":true,"href":"https:\/\/biologon.at\/en\/wp-json\/wp\/v2\/comments?post=16485"}],"version-history":[{"count":1,"href":"https:\/\/biologon.at\/en\/wp-json\/wp\/v2\/posts\/16485\/revisions"}],"predecessor-version":[{"id":16488,"href":"https:\/\/biologon.at\/en\/wp-json\/wp\/v2\/posts\/16485\/revisions\/16488"}],"wp:featuredmedia":[{"embeddable":true,"href":"https:\/\/biologon.at\/en\/wp-json\/wp\/v2\/media\/16486"}],"wp:attachment":[{"href":"https:\/\/biologon.at\/en\/wp-json\/wp\/v2\/media?parent=16485"}],"wp:term":[{"taxonomy":"category","embeddable":true,"href":"https:\/\/biologon.at\/en\/wp-json\/wp\/v2\/categories?post=16485"},{"taxonomy":"post_tag","embeddable":true,"href":"https:\/\/biologon.at\/en\/wp-json\/wp\/v2\/tags?post=16485"}],"curies":[{"name":"wp","href":"https:\/\/api.w.org\/{rel}","templated":true}]}}